{"id":81,"date":"2019-01-24T11:37:00","date_gmt":"2019-01-24T11:37:00","guid":{"rendered":"http:\/\/www.adisco.org\/adis\/?p=81"},"modified":"2021-09-29T20:46:04","modified_gmt":"2021-09-29T20:46:04","slug":"rose-hakizimana-les-resultats-des-essais-montrent-quon-recolte-plus-quon-a-seme","status":"publish","type":"post","link":"https:\/\/www.adisco.org\/adis\/blog\/rose-hakizimana-les-resultats-des-essais-montrent-quon-recolte-plus-quon-a-seme\/","title":{"rendered":"Rose Hakizimana : \u00ab Les r\u00e9sultats des essais montrent qu\u2019on r\u00e9colte plus qu\u2019on a sem\u00e9 \u00bb"},"content":{"rendered":"\n<p>Elle est de la colline Carire, commune Bugendana de la province Gitega. Elle a \u00e9t\u00e9 choisie pour faire des essais sur diff\u00e9rentes cultures dont la patate douce, le soja, le bl\u00e9 et le haricot. Elle affirme que le Clip a beaucoup contribu\u00e9 dans l\u2019augmentation de la productivit\u00e9 agricole dans sa famille et ailleurs chez les autres b\u00e9n\u00e9ficiaires de ce projet. Rose Hakizimana nous a r\u00e9v\u00e9l\u00e9 que les b\u00e9n\u00e9ficiaires du projet ont suivi beaucoup de formations visant \u00e0 augmenter la production. <\/p>\n\n\n\n<p>Ils ont appris les nouvelles techniques agricoles qu\u2019ils ont vite pratiqu\u00e9es, ce qui a r\u00e9ellement chang\u00e9 les choses. \u00ab Aujourd\u2019hui, nos champs sont pr\u00e9sentables et la production n\u2019est plus la m\u00eame qu\u2019avant et c\u2019est que vous voyez vous-m\u00eames \u00bb, fait-elle savoir avec un sourire aux l\u00e8vres. Elle a affirm\u00e9 que les semences s\u00e9lectionn\u00e9es qu\u2019elle a re\u00e7ues ont sensiblement augment\u00e9 la production agricole. Dans le souci de comparer la r\u00e9colte issue de nouvelles vari\u00e9t\u00e9s de patates douces introduites par le Clip et les autres vari\u00e9t\u00e9s, elle a am\u00e9nag\u00e9 parall\u00e8lement deux champs de patates douces. Elle dit qu\u2019elle saura laquelle des deux vari\u00e9t\u00e9s garder apr\u00e8s la r\u00e9colte.<\/p>\n\n\n\n<p>Propos recueillis par Enock Niyomwungere<\/p>\n","protected":false},"excerpt":{"rendered":"<p>Elle est de la colline Carire, commune Bugendana de la province Gitega. Elle a \u00e9t\u00e9 choisie pour faire des essais[&#8230;]<\/p>\n","protected":false},"author":1,"featured_media":82,"comment_status":"closed","ping_status":"closed","sticky":false,"template":"","format":"standard","meta":{"footnotes":""},"categories":[8],"tags":[],"class_list":["post-81","post","type-post","status-publish","format-standard","has-post-thumbnail","hentry","category-histoires-de-succes"],"_links":{"self":[{"href":"https:\/\/www.adisco.org\/adis\/wp-json\/wp\/v2\/posts\/81","targetHints":{"allow":["GET"]}}],"collection":[{"href":"https:\/\/www.adisco.org\/adis\/wp-json\/wp\/v2\/posts"}],"about":[{"href":"https:\/\/www.adisco.org\/adis\/wp-json\/wp\/v2\/types\/post"}],"author":[{"embeddable":true,"href":"https:\/\/www.adisco.org\/adis\/wp-json\/wp\/v2\/users\/1"}],"replies":[{"embeddable":true,"href":"https:\/\/www.adisco.org\/adis\/wp-json\/wp\/v2\/comments?post=81"}],"version-history":[{"count":2,"href":"https:\/\/www.adisco.org\/adis\/wp-json\/wp\/v2\/posts\/81\/revisions"}],"predecessor-version":[{"id":84,"href":"https:\/\/www.adisco.org\/adis\/wp-json\/wp\/v2\/posts\/81\/revisions\/84"}],"wp:featuredmedia":[{"embeddable":true,"href":"https:\/\/www.adisco.org\/adis\/wp-json\/wp\/v2\/media\/82"}],"wp:attachment":[{"href":"https:\/\/www.adisco.org\/adis\/wp-json\/wp\/v2\/media?parent=81"}],"wp:term":[{"taxonomy":"category","embeddable":true,"href":"https:\/\/www.adisco.org\/adis\/wp-json\/wp\/v2\/categories?post=81"},{"taxonomy":"post_tag","embeddable":true,"href":"https:\/\/www.adisco.org\/adis\/wp-json\/wp\/v2\/tags?post=81"}],"curies":[{"name":"wp","href":"https:\/\/api.w.org\/{rel}","templated":true}]}}