{"id":477,"date":"2026-01-22T06:06:05","date_gmt":"2026-01-22T08:06:05","guid":{"rendered":"https:\/\/www.adisco.org\/adis\/?p=477"},"modified":"2026-01-22T06:19:37","modified_gmt":"2026-01-22T08:19:37","slug":"le-cafe-sous-surveillance-le-burundi-saligne-sur-les-regles-vertes-de-lunion-europeenne","status":"publish","type":"post","link":"https:\/\/www.adisco.org\/adis\/blog\/le-cafe-sous-surveillance-le-burundi-saligne-sur-les-regles-vertes-de-lunion-europeenne\/","title":{"rendered":"Le caf\u00e9 sous surveillance : le Burundi s\u2019aligne sur les r\u00e8gles vertes de l\u2019Union Europ\u00e9enne"},"content":{"rendered":"\n<p>Une d\u00e9l\u00e9gation de haut niveau compos\u00e9e de repr\u00e9sentants de l\u2019Union europ\u00e9enne et de la GIZ a effectu\u00e9, en date du 14 janvier 2026, une visite de terrain \u00e0 Nyarugunda, commune Ngozi de la province Butanyerera afin d\u2019\u00e9valuer les r\u00e9alisations du Projet d\u2019Appui \u00e0 l\u2019am\u00e9lioration du r\u00e8glement EUDR du secteur caf\u00e9 au Burundi (PAMICESCA), un projet cl\u00e9 pour l\u2019avenir de la fili\u00e8re caf\u00e9 au Burundi.<\/p>\n\n\n\n<figure class=\"wp-block-image size-full is-resized\"><img loading=\"lazy\" decoding=\"async\" width=\"775\" height=\"521\" src=\"https:\/\/www.adisco.org\/adis\/wp-content\/uploads\/2026\/01\/image.png\" alt=\"\" class=\"wp-image-478\" style=\"aspect-ratio:1.4875549048316252;width:692px;height:auto\" srcset=\"https:\/\/www.adisco.org\/adis\/wp-content\/uploads\/2026\/01\/image.png 775w, https:\/\/www.adisco.org\/adis\/wp-content\/uploads\/2026\/01\/image-300x202.png 300w, https:\/\/www.adisco.org\/adis\/wp-content\/uploads\/2026\/01\/image-768x516.png 768w, https:\/\/www.adisco.org\/adis\/wp-content\/uploads\/2026\/01\/image-120x80.png 120w\" sizes=\"auto, (max-width: 775px) 100vw, 775px\" \/><\/figure>\n\n\n\n<p>Cette visite s\u2019inscrivait dans un contexte particulier marqu\u00e9 par l\u2019entr\u00e9e en vigueur du r\u00e8glement de l\u2019Union europ\u00e9enne sur la d\u00e9forestation au mois de juin de cette ann\u00e9e, qui interdit l\u2019acc\u00e8s au march\u00e9 europ\u00e9en aux produits agricoles (dont le caf\u00e9) issus de champs ayant contribu\u00e9 \u00e0 la d\u00e9forestation. Face \u00e0 ces nouvelles exigences, le PAMICESCA accompagne les producteurs dans l\u2019adoption de m\u00e9canismes innovants garantissant une production durable et conforme aux normes internationales.<\/p>\n\n\n\n<p>Au cours de cette visite, les membres de la d\u00e9l\u00e9gation ont suivi avec int\u00e9r\u00eat l\u2019\u00e9tat des lieux du processus de g\u00e9olocalisation des champs de caf\u00e9, une \u00e9tape strat\u00e9gique pr\u00e9sent\u00e9e par Fid\u00e8le Niyonizigiye, Secr\u00e9taire G\u00e9n\u00e9ral adjoint de l\u2019Organisation Appui au D\u00e9veloppement Int\u00e9gral et \u00e0 la solidarit\u00e9 sur les Collines (Adisco en sigle). Il a r\u00e9v\u00e9l\u00e9 que cette activit\u00e9 consiste \u00e0 localiser avec pr\u00e9cision les parcelles caf\u00e9i\u00e8res afin d\u2019identifier celles qui n\u2019ont pas respect\u00e9 les r\u00e8gles li\u00e9es \u00e0 la protection des for\u00eats. L\u2019objectif est clair : tracer et exclure du circuit d\u2019exportation vers l\u2019Union europ\u00e9enne le caf\u00e9 provenant de champs o\u00f9 une d\u00e9forestation a \u00e9t\u00e9 constat\u00e9e, conform\u00e9ment au r\u00e8glement europ\u00e9en sur la d\u00e9forestation (EUDR).<\/p>\n\n\n\n<p>Selon ce responsable du projet, le processus de g\u00e9olocalisation constitue un outil essentiel de tra\u00e7abilit\u00e9, de transparence et de responsabilit\u00e9 environnementale, permettant de prot\u00e9ger les for\u00eats tout en s\u00e9curisant l\u2019acc\u00e8s du caf\u00e9 burundais aux march\u00e9s europ\u00e9ens. Les champs conformes sont ainsi valoris\u00e9s, tandis que ceux non conformes sont signal\u00e9s pour \u00e9viter tout risque de rejet du caf\u00e9 sur le march\u00e9 international.<\/p>\n\n\n\n<figure class=\"wp-block-image size-full is-resized\"><img loading=\"lazy\" decoding=\"async\" width=\"788\" height=\"501\" src=\"https:\/\/www.adisco.org\/adis\/wp-content\/uploads\/2026\/01\/image-1.png\" alt=\"\" class=\"wp-image-479\" style=\"aspect-ratio:1.5728680957596621;width:741px;height:auto\" srcset=\"https:\/\/www.adisco.org\/adis\/wp-content\/uploads\/2026\/01\/image-1.png 788w, https:\/\/www.adisco.org\/adis\/wp-content\/uploads\/2026\/01\/image-1-300x191.png 300w, https:\/\/www.adisco.org\/adis\/wp-content\/uploads\/2026\/01\/image-1-768x488.png 768w\" sizes=\"auto, (max-width: 788px) 100vw, 788px\" \/><\/figure>\n\n\n\n<p>Sa pr\u00e9sentation a \u00e9t\u00e9 suivie par celle des bonnes pratiques agricoles appliqu\u00e9es dans les champs de caf\u00e9, pr\u00e9sent\u00e9e par producteurs agricoles accompagn\u00e9s par le projet KAHAWA TU. Cette s\u00e9ance pratique a mis en avant des techniques favorisant une production durable, notamment l\u2019entretien ad\u00e9quat des caf\u00e9iers, la conservation des sols, l\u2019agroforesterie et le respect de l\u2019environnement, autant d\u2019\u00e9l\u00e9ments cl\u00e9s pour am\u00e9liorer la productivit\u00e9 tout en luttant contre la d\u00e9gradation des \u00e9cosyst\u00e8mes. A travers le champ-\u00e9cole, cette d\u00e9monstration a \u00e9t\u00e9 faite dans un champ mod\u00e8le sis \u00e0 Nyarugunda et qui compte 700 pieds de caf\u00e9 appartenant \u00e0 Marcel Barengayabo.<\/p>\n\n\n\n<p>Cette visite \u00e0 Ngozi illustre ainsi la volont\u00e9 commune des partenaires et des acteurs locaux de faire du caf\u00e9 burundais un produit comp\u00e9titif, tra\u00e7able et respectueux des for\u00eats, capable de conserver sa place sur le march\u00e9 europ\u00e9en tout en contribuant \u00e0 la lutte contre la d\u00e9forestation.<\/p>\n\n\n\n<p><\/p>\n","protected":false},"excerpt":{"rendered":"<p>Une d\u00e9l\u00e9gation de haut niveau compos\u00e9e de repr\u00e9sentants de l\u2019Union europ\u00e9enne et de la GIZ a effectu\u00e9, en date du[&#8230;]<\/p>\n","protected":false},"author":1,"featured_media":482,"comment_status":"closed","ping_status":"closed","sticky":false,"template":"","format":"standard","meta":{"footnotes":""},"categories":[7],"tags":[],"class_list":["post-477","post","type-post","status-publish","format-standard","has-post-thumbnail","hentry","category-actualite"],"_links":{"self":[{"href":"https:\/\/www.adisco.org\/adis\/wp-json\/wp\/v2\/posts\/477","targetHints":{"allow":["GET"]}}],"collection":[{"href":"https:\/\/www.adisco.org\/adis\/wp-json\/wp\/v2\/posts"}],"about":[{"href":"https:\/\/www.adisco.org\/adis\/wp-json\/wp\/v2\/types\/post"}],"author":[{"embeddable":true,"href":"https:\/\/www.adisco.org\/adis\/wp-json\/wp\/v2\/users\/1"}],"replies":[{"embeddable":true,"href":"https:\/\/www.adisco.org\/adis\/wp-json\/wp\/v2\/comments?post=477"}],"version-history":[{"count":2,"href":"https:\/\/www.adisco.org\/adis\/wp-json\/wp\/v2\/posts\/477\/revisions"}],"predecessor-version":[{"id":483,"href":"https:\/\/www.adisco.org\/adis\/wp-json\/wp\/v2\/posts\/477\/revisions\/483"}],"wp:featuredmedia":[{"embeddable":true,"href":"https:\/\/www.adisco.org\/adis\/wp-json\/wp\/v2\/media\/482"}],"wp:attachment":[{"href":"https:\/\/www.adisco.org\/adis\/wp-json\/wp\/v2\/media?parent=477"}],"wp:term":[{"taxonomy":"category","embeddable":true,"href":"https:\/\/www.adisco.org\/adis\/wp-json\/wp\/v2\/categories?post=477"},{"taxonomy":"post_tag","embeddable":true,"href":"https:\/\/www.adisco.org\/adis\/wp-json\/wp\/v2\/tags?post=477"}],"curies":[{"name":"wp","href":"https:\/\/api.w.org\/{rel}","templated":true}]}}