{"id":184,"date":"2021-04-13T11:39:00","date_gmt":"2021-04-13T11:39:00","guid":{"rendered":"http:\/\/www.adisco.org\/adis\/?p=184"},"modified":"2021-09-26T11:40:58","modified_gmt":"2021-09-26T11:40:58","slug":"lancer-officiellement-du-projet-europeen-dappui-au-secteur-culturel-au-burundi","status":"publish","type":"post","link":"https:\/\/www.adisco.org\/adis\/blog\/lancer-officiellement-du-projet-europeen-dappui-au-secteur-culturel-au-burundi\/","title":{"rendered":"Lancer officiellement du projet europ\u00e9en d&rsquo;appui au secteur culturel au Burundi"},"content":{"rendered":"\n<p>En collaboration avec Africalia, une organsation belge de coop\u00e9ration culturelle et sur financement de l&rsquo;Union europ\u00e9enne, les organisations burundaises Menya Media et La Maison de l&rsquo;Entrepreneur accompagn\u00e9e par ADISCO, viennent de lancer officiellement le projet europ\u00e9en d&rsquo;appui au secteur culturel au Burundi (PASACC-BU en sigle). Les c\u00e9r\u00e9monies ont eu lieu en date du 12 avril 2021 dans les enceintes de l&rsquo;h\u00f4tel Royal Palace. Elles ont \u00e9t\u00e9 rehauss\u00e9es par la pr\u00e9sence du ministre des Affaires de la Communaut\u00e9 Est Africaine, de la Jeunesse, des Sports et de la Culture, Ez\u00e9chiel NIBIGIRA, l&rsquo;ambassadeur de la D\u00e9l\u00e9gation de l&rsquo;Union europ\u00e9enne, Claude BOCHOU ainsi que quelques chefs des missions diplomatiques.<\/p>\n\n\n\n<figure class=\"wp-block-gallery columns-1 is-cropped wp-block-gallery-1 is-layout-flex wp-block-gallery-is-layout-flex\"><ul class=\"blocks-gallery-grid\"><li class=\"blocks-gallery-item\"><figure><img loading=\"lazy\" decoding=\"async\" width=\"1024\" height=\"590\" src=\"https:\/\/www.adisco.org\/adis\/wp-content\/uploads\/2021\/09\/africalia-1-1024x590.jpg\" alt=\"\" data-id=\"186\" data-full-url=\"https:\/\/www.adisco.org\/adis\/wp-content\/uploads\/2021\/09\/africalia-1.jpg\" data-link=\"https:\/\/www.adisco.org\/adis\/?attachment_id=186\" class=\"wp-image-186\" srcset=\"https:\/\/www.adisco.org\/adis\/wp-content\/uploads\/2021\/09\/africalia-1-1024x590.jpg 1024w, https:\/\/www.adisco.org\/adis\/wp-content\/uploads\/2021\/09\/africalia-1-300x173.jpg 300w, https:\/\/www.adisco.org\/adis\/wp-content\/uploads\/2021\/09\/africalia-1-768x442.jpg 768w, https:\/\/www.adisco.org\/adis\/wp-content\/uploads\/2021\/09\/africalia-1-1536x884.jpg 1536w, https:\/\/www.adisco.org\/adis\/wp-content\/uploads\/2021\/09\/africalia-1.jpg 2048w\" sizes=\"auto, (max-width: 1024px) 100vw, 1024px\" \/><\/figure><\/li><\/ul><\/figure>\n\n\n\n<p>Danseurs, chanteurs, producteurs professionnels du cin\u00e9ma sans oublier les acteurs du monde culturel, tous avaient r\u00e9pondu \u00e0 ce grand rendez-vous. L&rsquo;enveloppe allou\u00e9 \u00e0 ce projet qui, selon Claude BOCHOU, se veut un catalyseur d&rsquo;appuis au secteur de la culture burundaise, s&rsquo;\u00e9l\u00e8ve \u00e0 2 221 706 euros soit plus de 5 milliards de francs burundais. Ce projet sera ex\u00e9cut\u00e9 pendant une p\u00e9riode de 3 ans. Ez\u00e9chiel NIBIGIRA a indiqu\u00e9 qu&rsquo;il est particuli\u00e8rement int\u00e9ress\u00e9 par un projet qui m\u00e8ne la jeunesse burundaise vers une voie culturelle cr\u00e9ative et professionnelle. Il n&rsquo;a pas manqu\u00e9 \u00e0 adresser ses remerciements \u00e0 l&rsquo;Union europ\u00e9enne qui a accept\u00e9 de financer ce projet qui va redynamiser le secteur culturel burundais.<\/p>\n","protected":false},"excerpt":{"rendered":"<p>En collaboration avec Africalia, une organsation belge de coop\u00e9ration culturelle et sur financement de l&rsquo;Union europ\u00e9enne, les organisations burundaises Menya[&#8230;]<\/p>\n","protected":false},"author":1,"featured_media":185,"comment_status":"open","ping_status":"open","sticky":false,"template":"","format":"standard","meta":{"footnotes":""},"categories":[7],"tags":[],"class_list":["post-184","post","type-post","status-publish","format-standard","has-post-thumbnail","hentry","category-actualite"],"_links":{"self":[{"href":"https:\/\/www.adisco.org\/adis\/wp-json\/wp\/v2\/posts\/184","targetHints":{"allow":["GET"]}}],"collection":[{"href":"https:\/\/www.adisco.org\/adis\/wp-json\/wp\/v2\/posts"}],"about":[{"href":"https:\/\/www.adisco.org\/adis\/wp-json\/wp\/v2\/types\/post"}],"author":[{"embeddable":true,"href":"https:\/\/www.adisco.org\/adis\/wp-json\/wp\/v2\/users\/1"}],"replies":[{"embeddable":true,"href":"https:\/\/www.adisco.org\/adis\/wp-json\/wp\/v2\/comments?post=184"}],"version-history":[{"count":1,"href":"https:\/\/www.adisco.org\/adis\/wp-json\/wp\/v2\/posts\/184\/revisions"}],"predecessor-version":[{"id":187,"href":"https:\/\/www.adisco.org\/adis\/wp-json\/wp\/v2\/posts\/184\/revisions\/187"}],"wp:featuredmedia":[{"embeddable":true,"href":"https:\/\/www.adisco.org\/adis\/wp-json\/wp\/v2\/media\/185"}],"wp:attachment":[{"href":"https:\/\/www.adisco.org\/adis\/wp-json\/wp\/v2\/media?parent=184"}],"wp:term":[{"taxonomy":"category","embeddable":true,"href":"https:\/\/www.adisco.org\/adis\/wp-json\/wp\/v2\/categories?post=184"},{"taxonomy":"post_tag","embeddable":true,"href":"https:\/\/www.adisco.org\/adis\/wp-json\/wp\/v2\/tags?post=184"}],"curies":[{"name":"wp","href":"https:\/\/api.w.org\/{rel}","templated":true}]}}