{"id":174,"date":"2020-10-02T11:24:00","date_gmt":"2020-10-02T11:24:00","guid":{"rendered":"http:\/\/www.adisco.org\/adis\/?p=174"},"modified":"2021-09-26T11:45:09","modified_gmt":"2021-09-26T11:45:09","slug":"lancement-du-programme-dappui-a-la-societe-civile-burundaise","status":"publish","type":"post","link":"https:\/\/www.adisco.org\/adis\/blog\/lancement-du-programme-dappui-a-la-societe-civile-burundaise\/","title":{"rendered":"Lancement du Programme d\u2019Appui \u00e0 la Soci\u00e9t\u00e9 Civile Burundaise"},"content":{"rendered":"\n<p>Le dialogue, cl\u00e9 de r\u00e9ussite dans l\u2019ex\u00e9cution de ce programme<br>Le Minist\u00e8re de l\u2019Int\u00e9rieur, du D\u00e9veloppement Communautaire et de la S\u00e9curit\u00e9 Publique souhaite que le dialogue soit le cheval de bataille dans l\u2019ex\u00e9cution du Programme d\u2019Appui \u00e0 la Soci\u00e9t\u00e9 Civile Burundaise (PASCB). Salvator Nizigiyimana, Directeur G\u00e9n\u00e9ral charg\u00e9 de la coordination des activit\u00e9s des Organisations non gouvernementales \u00e9trang\u00e8res, l\u2019a indiqu\u00e9 au cours d\u2019un atelier de lancement des activit\u00e9s du Programme d\u2019Appui \u00e0 la Soci\u00e9t\u00e9 Civile Burundaise (PASCB). Les activit\u00e9s de cet atelier ont lieu dans les enceintes de l\u2019h\u00f4tel Royal Palace sis \u00e0 Bujumbura, en date du 28\/09\/2020.<\/p>\n\n\n\n<p>Dans son mot de circonstance, Salvator Nizigiyimana a fait savoir que ce programme vient \u00e0 point nomm\u00e9 car il est lanc\u00e9 quelques jours seulement apr\u00e8s les \u00e9lections de nouvelles institutions. Aussi, il a fait savoir que ce programme a l\u2019essence orient\u00e9e vers la d\u00e9centralisation visant l\u2019inclusivit\u00e9 et la d\u00e9marche participative pour le d\u00e9veloppement communautaire, d\u2019o\u00f9 la valeur du dialogue devrait \u00eatre rehauss\u00e9e dans l\u2019ex\u00e9cution de ce projet en vue de sa r\u00e9ussite. Il a n\u2019a pas manqu\u00e9 \u00e0 signaler qu\u2019il est utile de mettre en place une forte synergie de tous les intervenants notamment les Organisations Non Gouvernementales Etrang\u00e8res (ONGEs) qui pilotent ce projet, les membres de la Soci\u00e9t\u00e9 civile partenaires de ces ONGEs, l\u2019administration territoriale ainsi que les populations b\u00e9n\u00e9ficiaires afin de laisser des impacts visibles \u00e0 la fin du projet. En effet, Salvator Nizigiyimana regrette le fait qu\u2019il y a eu, dans le pass\u00e9, de bons projets avec de bons objectifs mais qui n\u2019ont pas laiss\u00e9 d\u2019impacts dans leurs zones d\u2019intervention.<\/p>\n\n\n\n<div class=\"wp-block-columns is-layout-flex wp-container-core-columns-is-layout-9d6595d7 wp-block-columns-is-layout-flex\">\n<div class=\"wp-block-column is-layout-flow wp-block-column-is-layout-flow\" style=\"flex-basis:100%\">\n<div class=\"wp-block-group\"><div class=\"wp-block-group__inner-container is-layout-flow wp-block-group-is-layout-flow\">\n<figure class=\"wp-block-gallery columns-3 is-cropped wp-block-gallery-1 is-layout-flex wp-block-gallery-is-layout-flex\"><ul class=\"blocks-gallery-grid\"><li class=\"blocks-gallery-item\"><figure><img loading=\"lazy\" decoding=\"async\" width=\"1024\" height=\"464\" src=\"https:\/\/www.adisco.org\/adis\/wp-content\/uploads\/2021\/09\/pascb-2-1-1024x464.jpg\" alt=\"\" data-id=\"180\" data-full-url=\"https:\/\/www.adisco.org\/adis\/wp-content\/uploads\/2021\/09\/pascb-2-1.jpg\" data-link=\"https:\/\/www.adisco.org\/adis\/blog\/lancement-du-programme-dappui-a-la-societe-civile-burundaise\/pascb-2\/\" class=\"wp-image-180\" srcset=\"https:\/\/www.adisco.org\/adis\/wp-content\/uploads\/2021\/09\/pascb-2-1-1024x464.jpg 1024w, https:\/\/www.adisco.org\/adis\/wp-content\/uploads\/2021\/09\/pascb-2-1-300x136.jpg 300w, https:\/\/www.adisco.org\/adis\/wp-content\/uploads\/2021\/09\/pascb-2-1-768x348.jpg 768w, https:\/\/www.adisco.org\/adis\/wp-content\/uploads\/2021\/09\/pascb-2-1-1536x695.jpg 1536w, https:\/\/www.adisco.org\/adis\/wp-content\/uploads\/2021\/09\/pascb-2-1.jpg 2048w\" sizes=\"auto, (max-width: 1024px) 100vw, 1024px\" \/><\/figure><\/li><li class=\"blocks-gallery-item\"><figure><img loading=\"lazy\" decoding=\"async\" width=\"1024\" height=\"636\" src=\"https:\/\/www.adisco.org\/adis\/wp-content\/uploads\/2021\/09\/libere-pascb-1024x636.jpg\" alt=\"\" data-id=\"178\" data-full-url=\"https:\/\/www.adisco.org\/adis\/wp-content\/uploads\/2021\/09\/libere-pascb.jpg\" data-link=\"https:\/\/www.adisco.org\/adis\/blog\/lancement-du-programme-dappui-a-la-societe-civile-burundaise\/libere-pascb\/\" class=\"wp-image-178\" srcset=\"https:\/\/www.adisco.org\/adis\/wp-content\/uploads\/2021\/09\/libere-pascb-1024x636.jpg 1024w, https:\/\/www.adisco.org\/adis\/wp-content\/uploads\/2021\/09\/libere-pascb-300x186.jpg 300w, https:\/\/www.adisco.org\/adis\/wp-content\/uploads\/2021\/09\/libere-pascb-768x477.jpg 768w, https:\/\/www.adisco.org\/adis\/wp-content\/uploads\/2021\/09\/libere-pascb-1536x954.jpg 1536w, https:\/\/www.adisco.org\/adis\/wp-content\/uploads\/2021\/09\/libere-pascb.jpg 2048w\" sizes=\"auto, (max-width: 1024px) 100vw, 1024px\" \/><\/figure><\/li><li class=\"blocks-gallery-item\"><figure><img loading=\"lazy\" decoding=\"async\" width=\"1024\" height=\"570\" src=\"https:\/\/www.adisco.org\/adis\/wp-content\/uploads\/2021\/09\/pascb-3-1024x570.jpg\" alt=\"\" data-id=\"177\" data-full-url=\"https:\/\/www.adisco.org\/adis\/wp-content\/uploads\/2021\/09\/pascb-3.jpg\" data-link=\"https:\/\/www.adisco.org\/adis\/blog\/lancement-du-programme-dappui-a-la-societe-civile-burundaise\/pascb-3\/\" class=\"wp-image-177\" srcset=\"https:\/\/www.adisco.org\/adis\/wp-content\/uploads\/2021\/09\/pascb-3-1024x570.jpg 1024w, https:\/\/www.adisco.org\/adis\/wp-content\/uploads\/2021\/09\/pascb-3-300x167.jpg 300w, https:\/\/www.adisco.org\/adis\/wp-content\/uploads\/2021\/09\/pascb-3-768x428.jpg 768w, https:\/\/www.adisco.org\/adis\/wp-content\/uploads\/2021\/09\/pascb-3-1536x855.jpg 1536w, https:\/\/www.adisco.org\/adis\/wp-content\/uploads\/2021\/09\/pascb-3.jpg 2048w\" sizes=\"auto, (max-width: 1024px) 100vw, 1024px\" \/><\/figure><\/li><li class=\"blocks-gallery-item\"><figure><img loading=\"lazy\" decoding=\"async\" width=\"1024\" height=\"581\" src=\"https:\/\/www.adisco.org\/adis\/wp-content\/uploads\/2021\/09\/pascb-1-1024x581.jpg\" alt=\"\" data-id=\"176\" data-full-url=\"https:\/\/www.adisco.org\/adis\/wp-content\/uploads\/2021\/09\/pascb-1.jpg\" data-link=\"https:\/\/www.adisco.org\/adis\/blog\/lancement-du-programme-dappui-a-la-societe-civile-burundaise\/pascb-1\/\" class=\"wp-image-176\" srcset=\"https:\/\/www.adisco.org\/adis\/wp-content\/uploads\/2021\/09\/pascb-1-1024x581.jpg 1024w, https:\/\/www.adisco.org\/adis\/wp-content\/uploads\/2021\/09\/pascb-1-300x170.jpg 300w, https:\/\/www.adisco.org\/adis\/wp-content\/uploads\/2021\/09\/pascb-1-768x435.jpg 768w, https:\/\/www.adisco.org\/adis\/wp-content\/uploads\/2021\/09\/pascb-1-1536x871.jpg 1536w, https:\/\/www.adisco.org\/adis\/wp-content\/uploads\/2021\/09\/pascb-1.jpg 2048w\" sizes=\"auto, (max-width: 1024px) 100vw, 1024px\" \/><\/figure><\/li><\/ul><\/figure>\n<\/div><\/div>\n<\/div>\n<\/div>\n\n\n\n<p>Les activit\u00e9s de cet atelier avaient \u00e9t\u00e9 rehauss\u00e9es par la pr\u00e9sence de Claude Bochou, Ambassadeur extraordinaire et pl\u00e9nipotentiaire de l\u2019Union Europ\u00e9enne au Burundi et ont vu la participation des gouverneurs des provinces dans lesquelles le projet sera ex\u00e9cut\u00e9 ainsi que les administrateurs des communes couvrant la zone d\u2019intervention de ce programme financ\u00e9 par l\u2019Union Europ\u00e9enne. Ce programme a un double objectif. D\u2019une part, il a va accro\u00eetre la r\u00e9silience des Organisations de la Soci\u00e9t\u00e9 civile burundaise et d\u2019autre part, il aura \u00e0 donner \u00e0 ces derni\u00e8res des outils et capacit\u00e9s de pouvoir participer activement \u00e0 la planification, la mise en \u0153uvre et le suivi du d\u00e9veloppement local. Le Programme d\u2019Appui \u00e0 la Soci\u00e9t\u00e9 Civile Burundaise (PASCB) ambitionne de cr\u00e9er les conditions d\u2019un dialogue construit autour des relations de confiance mutuelle entre les Organisations de la Soci\u00e9t\u00e9 Civile et les autorit\u00e9s locales comme le pr\u00e9cise un communiqu\u00e9 de presse rendu public le jour du lancement des activit\u00e9s du PASCB.<\/p>\n\n\n\n<p>Ce programme qui va durer 36 mois sera ex\u00e9cut\u00e9 par des organisations non gouvernementales \u00e9trang\u00e8res et burundaises, sous le lead de Cordaid et Oxfam et couvrira 6 provinces. Le consortium sous le lead d\u2019Oxfam couvrira les provinces de Cibitoke (dans les communes Mabayi, Rugombo et Mugina), Bujumbura (dans les communes Kanyosha, Kabezi, Nyabiraba), Rutana (dans les communes Mpinga-Kayove, Musongati et Bukemba) et Ruyigi (dans les communes Butaganzwa, Butezi, Bweru et Ruyigi) tandis que celui de Cordaid couvrira les provinces de Kayanza dans toutes ses communes (Butaganzwa, Kayanza, Kabarore, Gatara, Gahombo, Muruta, Muhanga, Matongo et Rango) et Muyinga dans toutes ses communes (Buhinyuza, Butihinda, Gashoho, Gasorwe, Giteranyi, Mwakiro et Muyinga).<br>Le PASCB s\u2019appuiera sur les Organisations de la Soci\u00e9t\u00e9 Civile d\u00e9j\u00e0 actives dans les zones g\u00e9ographiques cit\u00e9es plus haut mais se concentrera \u00e9galement dans des zones o\u00f9 des actions compl\u00e9mentaires d\u2019appui au d\u00e9veloppement local sont en cours.<\/p>\n","protected":false},"excerpt":{"rendered":"<p>Le dialogue, cl\u00e9 de r\u00e9ussite dans l\u2019ex\u00e9cution de ce programmeLe Minist\u00e8re de l\u2019Int\u00e9rieur, du D\u00e9veloppement Communautaire et de la S\u00e9curit\u00e9[&#8230;]<\/p>\n","protected":false},"author":1,"featured_media":175,"comment_status":"closed","ping_status":"closed","sticky":false,"template":"","format":"standard","meta":{"footnotes":""},"categories":[7],"tags":[],"class_list":["post-174","post","type-post","status-publish","format-standard","has-post-thumbnail","hentry","category-actualite"],"_links":{"self":[{"href":"https:\/\/www.adisco.org\/adis\/wp-json\/wp\/v2\/posts\/174","targetHints":{"allow":["GET"]}}],"collection":[{"href":"https:\/\/www.adisco.org\/adis\/wp-json\/wp\/v2\/posts"}],"about":[{"href":"https:\/\/www.adisco.org\/adis\/wp-json\/wp\/v2\/types\/post"}],"author":[{"embeddable":true,"href":"https:\/\/www.adisco.org\/adis\/wp-json\/wp\/v2\/users\/1"}],"replies":[{"embeddable":true,"href":"https:\/\/www.adisco.org\/adis\/wp-json\/wp\/v2\/comments?post=174"}],"version-history":[{"count":3,"href":"https:\/\/www.adisco.org\/adis\/wp-json\/wp\/v2\/posts\/174\/revisions"}],"predecessor-version":[{"id":183,"href":"https:\/\/www.adisco.org\/adis\/wp-json\/wp\/v2\/posts\/174\/revisions\/183"}],"wp:featuredmedia":[{"embeddable":true,"href":"https:\/\/www.adisco.org\/adis\/wp-json\/wp\/v2\/media\/175"}],"wp:attachment":[{"href":"https:\/\/www.adisco.org\/adis\/wp-json\/wp\/v2\/media?parent=174"}],"wp:term":[{"taxonomy":"category","embeddable":true,"href":"https:\/\/www.adisco.org\/adis\/wp-json\/wp\/v2\/categories?post=174"},{"taxonomy":"post_tag","embeddable":true,"href":"https:\/\/www.adisco.org\/adis\/wp-json\/wp\/v2\/tags?post=174"}],"curies":[{"name":"wp","href":"https:\/\/api.w.org\/{rel}","templated":true}]}}