{"id":148,"date":"2021-02-10T20:12:00","date_gmt":"2021-02-10T20:12:00","guid":{"rendered":"https:\/\/www.adisco.org\/adis\/?p=148"},"modified":"2021-09-24T20:20:07","modified_gmt":"2021-09-24T20:20:07","slug":"a-gasorwe-la-securite-pour-tous-une-priorite-pour-les-membres-du-comite-mixte-de-securite-humaine","status":"publish","type":"post","link":"https:\/\/www.adisco.org\/adis\/blog\/a-gasorwe-la-securite-pour-tous-une-priorite-pour-les-membres-du-comite-mixte-de-securite-humaine\/","title":{"rendered":"A Gasorwe : la s\u00e9curit\u00e9 pour tous, une priorit\u00e9 pour les membres du comit\u00e9 mixte de s\u00e9curit\u00e9 humaine"},"content":{"rendered":"\n<p>Le comit\u00e9 mixte de s\u00e9curit\u00e9 humaine \u0153uvrant au march\u00e9 du chef-lieu de la commune Gasorwe dans la province Muyinga regorge d\u2019anciens d\u00e9s\u0153uvr\u00e9s. Ils passaient une grande partie de leur temps au march\u00e9 sans rien faire. Aux yeux de ceux qui les connaissaient avant, leur image a chang\u00e9. Aujourd\u2019hui, ils sont regroup\u00e9s au sein d\u2019une association et sont au service de la population qui salue leur apport dans le maintien de la s\u00e9curit\u00e9 dans la localit\u00e9 et surtout au march\u00e9 de Gasorwe.<br>\u00ab Je m\u2019appelle D\u00e9sir\u00e9 NSENGIYUMVA connu sous le sobriquet de Mafire. Je suis originaire de la colline Kaguhu, zone Bwasare, commune Gasorwe de la province Muyinga. L\u2019int\u00e9gration de nouveaux jeunes dans le comit\u00e9 mixte de s\u00e9curit\u00e9 humaine a eu lieu apr\u00e8s le travail de lobbying et plaidoyer initi\u00e9 par ADISCO. Apr\u00e8s les formations que nous avons re\u00e7ues, nous avons form\u00e9 l\u2019association des porteurs de bagages ici au march\u00e9 connu sous le nom de Karani nguvu.<\/p>\n\n\n\n<p>Nous avons initi\u00e9 le projet d\u2019\u00e9pargne \u00e0 travers l\u2019argent que nous cotisons chaque jour. Tr\u00e8s r\u00e9cemment, l\u2019un d\u2019entre nous a eu son permis de conduire et d\u2019autres suivent des cours th\u00e9orique dans des auto-\u00e9coles. Personnellement, je suis en possession d\u2019une moto que j\u2019ai achet\u00e9e gr\u00e2ce \u00e0 l\u2019argent issu de la vente d\u2019une vache que j\u2019avais acquis gr\u00e2ce aux activit\u00e9s d\u2019auto d\u00e9veloppement men\u00e9es en association. Au nom du comit\u00e9 de veille Akadacika de Gasorwe, nous saluons les initiateurs du projet de lobbying et plaidoyer pour les r\u00e9sultats atteints \u00e0 ce jour. Les membres de ce comit\u00e9 ont fait de nous ce que nous sommes aujourd\u2019hui. Avant le plaidoyer, nous \u00e9tions dans une situation de mis\u00e8re. On n\u2019avait aucun projet de d\u00e9veloppement, notre souci \u00e9tait de trouver de la bi\u00e8re et c\u2019\u00e9tait \u00e7a la vie pour nous. Notre mentalit\u00e9 a chang\u00e9 car par exemple, nous avons initi\u00e9 un projet d\u2019agriculture de haricots jaunes et nous avons un champ commun.<\/p>\n\n\n\n<p><img loading=\"lazy\" decoding=\"async\" width=\"384\" height=\"245\" class=\"wp-image-149\" style=\"width: 384px;\" src=\"https:\/\/www.adisco.org\/adis\/wp-content\/uploads\/2021\/09\/nkurikiye.jpg\" alt=\"\" srcset=\"https:\/\/www.adisco.org\/adis\/wp-content\/uploads\/2021\/09\/nkurikiye.jpg 423w, https:\/\/www.adisco.org\/adis\/wp-content\/uploads\/2021\/09\/nkurikiye-300x191.jpg 300w\" sizes=\"auto, (max-width: 384px) 100vw, 384px\" \/>Actuellement les jeunes assurent la s\u00e9curit\u00e9 des biens de jour comme de nuit dans notre localit\u00e9 ainsi que dans les champs \u00bb. Ast\u00e8re NKURIKIYE, commer\u00e7ant au march\u00e9 de Gasorwe, salue le r\u00f4le jou\u00e9 par les membres de ce comit\u00e9 dans le maintien de la s\u00e9curit\u00e9 des marchandises. Il affirme qu\u2019avant la mise en place du Comit\u00e9 mixte de s\u00e9curit\u00e9 humaine comprenant beaucoup de jeunes, il y avait des cas de vols au march\u00e9 et m\u00eame dans les m\u00e9nages car il y avait seulement deux veilleurs. Ce n\u2019est plus le cas aujourd\u2019hui o\u00f9 ils servent loyalement \u00e0 la grande satisfaction de la population. Il a \u00e9galement fait savoir que les membres de ce comit\u00e9 veillent \u00e0 la s\u00e9curit\u00e9 des biens de tous ceux qui fr\u00e9quentent ce march\u00e9.<\/p>\n","protected":false},"excerpt":{"rendered":"<p>Le comit\u00e9 mixte de s\u00e9curit\u00e9 humaine \u0153uvrant au march\u00e9 du chef-lieu de la commune Gasorwe dans la province Muyinga regorge[&#8230;]<\/p>\n","protected":false},"author":1,"featured_media":151,"comment_status":"closed","ping_status":"closed","sticky":false,"template":"","format":"standard","meta":{"footnotes":""},"categories":[8],"tags":[],"class_list":["post-148","post","type-post","status-publish","format-standard","has-post-thumbnail","hentry","category-histoires-de-succes"],"_links":{"self":[{"href":"https:\/\/www.adisco.org\/adis\/wp-json\/wp\/v2\/posts\/148","targetHints":{"allow":["GET"]}}],"collection":[{"href":"https:\/\/www.adisco.org\/adis\/wp-json\/wp\/v2\/posts"}],"about":[{"href":"https:\/\/www.adisco.org\/adis\/wp-json\/wp\/v2\/types\/post"}],"author":[{"embeddable":true,"href":"https:\/\/www.adisco.org\/adis\/wp-json\/wp\/v2\/users\/1"}],"replies":[{"embeddable":true,"href":"https:\/\/www.adisco.org\/adis\/wp-json\/wp\/v2\/comments?post=148"}],"version-history":[{"count":1,"href":"https:\/\/www.adisco.org\/adis\/wp-json\/wp\/v2\/posts\/148\/revisions"}],"predecessor-version":[{"id":152,"href":"https:\/\/www.adisco.org\/adis\/wp-json\/wp\/v2\/posts\/148\/revisions\/152"}],"wp:featuredmedia":[{"embeddable":true,"href":"https:\/\/www.adisco.org\/adis\/wp-json\/wp\/v2\/media\/151"}],"wp:attachment":[{"href":"https:\/\/www.adisco.org\/adis\/wp-json\/wp\/v2\/media?parent=148"}],"wp:term":[{"taxonomy":"category","embeddable":true,"href":"https:\/\/www.adisco.org\/adis\/wp-json\/wp\/v2\/categories?post=148"},{"taxonomy":"post_tag","embeddable":true,"href":"https:\/\/www.adisco.org\/adis\/wp-json\/wp\/v2\/tags?post=148"}],"curies":[{"name":"wp","href":"https:\/\/api.w.org\/{rel}","templated":true}]}}